{"id":939,"date":"2024-06-28T16:33:25","date_gmt":"2024-06-28T16:33:25","guid":{"rendered":"https:\/\/haveldervielfalt.de\/?p=939"},"modified":"2024-06-28T16:33:25","modified_gmt":"2024-06-28T16:33:25","slug":"unsere-teilnahme-am-csd-bernau-am-22-06-2024","status":"publish","type":"post","link":"https:\/\/haveldervielfalt.de\/?p=939","title":{"rendered":"Unsere Teilnahme am CSD Bernau am 22.06.2024"},"content":{"rendered":"\n<p>Am 2. CSD in der beschaulichen Stadt Bernau (Bei Berlin) waren rund 500 Teilnehmende zu Besuch.<br>Zum Beginn str\u00f6mender Regen, doch p\u00fcnktlich zum Demobeginn kam doch noch die Sonne raus.<br>Anschlie\u00dfend, gab es von verschiedenen unabh\u00e4ngigen Redner*innen, dem Regenbogenkombinat Potsdam und mehreren Personen vom Jugendtreff Dosto . Unter dem Motto &#8220;Queeres Bernau &#8211; Vernetze Dich!&#8221; War die Stimmung, egal ob zu Fu\u00df oder auf dem Lauti, wunderbar. Die Musik war mal von der anderen Sorte; Linkspunk, 80er Pop und verschiedene Kleink\u00fcnstler*innen waren vertreten.<br>Es waren auch Gruppen von Omas gegen rechts und die gaychurch Berlin anzutreffen.<\/p>\n\n\n\n<p>Wir freuen uns, auch n\u00e4chstes Jahr erneut teilnehmen zu k\u00f6nnen!<\/p>\n\n\n\n<figure class=\"wp-block-gallery has-nested-images columns-default is-cropped wp-block-gallery-1 is-layout-flex wp-block-gallery-is-layout-flex\">\n<figure class=\"wp-block-image size-large\"><img loading=\"lazy\" decoding=\"async\" width=\"1024\" height=\"576\" data-id=\"937\" src=\"https:\/\/valor-sp.de\/wp-content\/uploads\/2024\/06\/CSD-Bernau-2024-10-1024x576.jpeg\" alt=\"\" class=\"wp-image-937\" srcset=\"https:\/\/haveldervielfalt.de\/wp-content\/uploads\/2024\/06\/CSD-Bernau-2024-10-1024x576.jpeg 1024w, https:\/\/haveldervielfalt.de\/wp-content\/uploads\/2024\/06\/CSD-Bernau-2024-10-300x169.jpeg 300w, https:\/\/haveldervielfalt.de\/wp-content\/uploads\/2024\/06\/CSD-Bernau-2024-10-768x432.jpeg 768w, https:\/\/haveldervielfalt.de\/wp-content\/uploads\/2024\/06\/CSD-Bernau-2024-10-1536x864.jpeg 1536w, https:\/\/haveldervielfalt.de\/wp-content\/uploads\/2024\/06\/CSD-Bernau-2024-10.jpeg 1920w\" sizes=\"auto, (max-width: 1024px) 100vw, 1024px\" \/><\/figure>\n\n\n\n<figure class=\"wp-block-image size-large\"><img loading=\"lazy\" decoding=\"async\" width=\"1024\" height=\"768\" data-id=\"929\" src=\"https:\/\/valor-sp.de\/wp-content\/uploads\/2024\/06\/CSD-BErnau-2024-2-1024x768.jpg\" alt=\"\" class=\"wp-image-929\" srcset=\"https:\/\/haveldervielfalt.de\/wp-content\/uploads\/2024\/06\/CSD-BErnau-2024-2-1024x768.jpg 1024w, https:\/\/haveldervielfalt.de\/wp-content\/uploads\/2024\/06\/CSD-BErnau-2024-2-300x225.jpg 300w, https:\/\/haveldervielfalt.de\/wp-content\/uploads\/2024\/06\/CSD-BErnau-2024-2-768x576.jpg 768w, https:\/\/haveldervielfalt.de\/wp-content\/uploads\/2024\/06\/CSD-BErnau-2024-2-1536x1152.jpg 1536w, https:\/\/haveldervielfalt.de\/wp-content\/uploads\/2024\/06\/CSD-BErnau-2024-2.jpg 1920w\" sizes=\"auto, (max-width: 1024px) 100vw, 1024px\" \/><\/figure>\n\n\n\n<figure class=\"wp-block-image size-large\"><img loading=\"lazy\" decoding=\"async\" width=\"576\" height=\"1024\" data-id=\"928\" src=\"https:\/\/valor-sp.de\/wp-content\/uploads\/2024\/06\/CSD-Bernau-2024-1-576x1024.jpeg\" alt=\"\" class=\"wp-image-928\" srcset=\"https:\/\/haveldervielfalt.de\/wp-content\/uploads\/2024\/06\/CSD-Bernau-2024-1-576x1024.jpeg 576w, https:\/\/haveldervielfalt.de\/wp-content\/uploads\/2024\/06\/CSD-Bernau-2024-1-169x300.jpeg 169w, https:\/\/haveldervielfalt.de\/wp-content\/uploads\/2024\/06\/CSD-Bernau-2024-1-768x1365.jpeg 768w, https:\/\/haveldervielfalt.de\/wp-content\/uploads\/2024\/06\/CSD-Bernau-2024-1-864x1536.jpeg 864w, https:\/\/haveldervielfalt.de\/wp-content\/uploads\/2024\/06\/CSD-Bernau-2024-1.jpeg 1134w\" sizes=\"auto, (max-width: 576px) 100vw, 576px\" \/><\/figure>\n\n\n\n<figure class=\"wp-block-image size-large\"><img loading=\"lazy\" decoding=\"async\" width=\"576\" height=\"1024\" data-id=\"938\" src=\"https:\/\/valor-sp.de\/wp-content\/uploads\/2024\/06\/CSD-Bernau-2024-11-576x1024.jpeg\" alt=\"\" class=\"wp-image-938\" srcset=\"https:\/\/haveldervielfalt.de\/wp-content\/uploads\/2024\/06\/CSD-Bernau-2024-11-576x1024.jpeg 576w, https:\/\/haveldervielfalt.de\/wp-content\/uploads\/2024\/06\/CSD-Bernau-2024-11-169x300.jpeg 169w, https:\/\/haveldervielfalt.de\/wp-content\/uploads\/2024\/06\/CSD-Bernau-2024-11-768x1365.jpeg 768w, https:\/\/haveldervielfalt.de\/wp-content\/uploads\/2024\/06\/CSD-Bernau-2024-11-864x1536.jpeg 864w, https:\/\/haveldervielfalt.de\/wp-content\/uploads\/2024\/06\/CSD-Bernau-2024-11.jpeg 1134w\" sizes=\"auto, (max-width: 576px) 100vw, 576px\" \/><\/figure>\n\n\n\n<figure class=\"wp-block-image size-large\"><img loading=\"lazy\" decoding=\"async\" width=\"1024\" height=\"576\" data-id=\"930\" src=\"https:\/\/valor-sp.de\/wp-content\/uploads\/2024\/06\/CSD-Bernau-2024-3-1024x576.jpeg\" alt=\"\" class=\"wp-image-930\" srcset=\"https:\/\/haveldervielfalt.de\/wp-content\/uploads\/2024\/06\/CSD-Bernau-2024-3-1024x576.jpeg 1024w, https:\/\/haveldervielfalt.de\/wp-content\/uploads\/2024\/06\/CSD-Bernau-2024-3-300x169.jpeg 300w, https:\/\/haveldervielfalt.de\/wp-content\/uploads\/2024\/06\/CSD-Bernau-2024-3-768x432.jpeg 768w, https:\/\/haveldervielfalt.de\/wp-content\/uploads\/2024\/06\/CSD-Bernau-2024-3-1536x864.jpeg 1536w, https:\/\/haveldervielfalt.de\/wp-content\/uploads\/2024\/06\/CSD-Bernau-2024-3.jpeg 1920w\" sizes=\"auto, (max-width: 1024px) 100vw, 1024px\" \/><\/figure>\n\n\n\n<figure class=\"wp-block-image size-large\"><img loading=\"lazy\" decoding=\"async\" width=\"1024\" height=\"768\" data-id=\"931\" src=\"https:\/\/valor-sp.de\/wp-content\/uploads\/2024\/06\/CSD-Bernau-2024-4-1024x768.jpg\" alt=\"\" class=\"wp-image-931\" srcset=\"https:\/\/haveldervielfalt.de\/wp-content\/uploads\/2024\/06\/CSD-Bernau-2024-4-1024x768.jpg 1024w, https:\/\/haveldervielfalt.de\/wp-content\/uploads\/2024\/06\/CSD-Bernau-2024-4-300x225.jpg 300w, https:\/\/haveldervielfalt.de\/wp-content\/uploads\/2024\/06\/CSD-Bernau-2024-4-768x576.jpg 768w, https:\/\/haveldervielfalt.de\/wp-content\/uploads\/2024\/06\/CSD-Bernau-2024-4-1536x1152.jpg 1536w, https:\/\/haveldervielfalt.de\/wp-content\/uploads\/2024\/06\/CSD-Bernau-2024-4.jpg 1920w\" sizes=\"auto, (max-width: 1024px) 100vw, 1024px\" \/><\/figure>\n\n\n\n<figure class=\"wp-block-image size-large\"><img loading=\"lazy\" decoding=\"async\" width=\"576\" height=\"1024\" data-id=\"936\" src=\"https:\/\/valor-sp.de\/wp-content\/uploads\/2024\/06\/CSD-Bernau-2024-9-576x1024.jpeg\" alt=\"\" class=\"wp-image-936\" srcset=\"https:\/\/haveldervielfalt.de\/wp-content\/uploads\/2024\/06\/CSD-Bernau-2024-9-576x1024.jpeg 576w, https:\/\/haveldervielfalt.de\/wp-content\/uploads\/2024\/06\/CSD-Bernau-2024-9-169x300.jpeg 169w, https:\/\/haveldervielfalt.de\/wp-content\/uploads\/2024\/06\/CSD-Bernau-2024-9-768x1365.jpeg 768w, https:\/\/haveldervielfalt.de\/wp-content\/uploads\/2024\/06\/CSD-Bernau-2024-9-864x1536.jpeg 864w, https:\/\/haveldervielfalt.de\/wp-content\/uploads\/2024\/06\/CSD-Bernau-2024-9.jpeg 1134w\" sizes=\"auto, (max-width: 576px) 100vw, 576px\" \/><\/figure>\n\n\n\n<figure class=\"wp-block-image size-large\"><img loading=\"lazy\" decoding=\"async\" width=\"576\" height=\"1024\" data-id=\"933\" src=\"https:\/\/valor-sp.de\/wp-content\/uploads\/2024\/06\/CSD-Bernau-2024-6-576x1024.jpeg\" alt=\"\" class=\"wp-image-933\" srcset=\"https:\/\/haveldervielfalt.de\/wp-content\/uploads\/2024\/06\/CSD-Bernau-2024-6-576x1024.jpeg 576w, https:\/\/haveldervielfalt.de\/wp-content\/uploads\/2024\/06\/CSD-Bernau-2024-6-169x300.jpeg 169w, https:\/\/haveldervielfalt.de\/wp-content\/uploads\/2024\/06\/CSD-Bernau-2024-6-768x1365.jpeg 768w, https:\/\/haveldervielfalt.de\/wp-content\/uploads\/2024\/06\/CSD-Bernau-2024-6-864x1536.jpeg 864w, https:\/\/haveldervielfalt.de\/wp-content\/uploads\/2024\/06\/CSD-Bernau-2024-6.jpeg 1134w\" sizes=\"auto, (max-width: 576px) 100vw, 576px\" \/><\/figure>\n\n\n\n<figure class=\"wp-block-image size-large\"><img loading=\"lazy\" decoding=\"async\" width=\"576\" height=\"1024\" data-id=\"932\" src=\"https:\/\/valor-sp.de\/wp-content\/uploads\/2024\/06\/CSD-Bernau-2024-5-576x1024.jpeg\" alt=\"\" class=\"wp-image-932\" srcset=\"https:\/\/haveldervielfalt.de\/wp-content\/uploads\/2024\/06\/CSD-Bernau-2024-5-576x1024.jpeg 576w, https:\/\/haveldervielfalt.de\/wp-content\/uploads\/2024\/06\/CSD-Bernau-2024-5-169x300.jpeg 169w, https:\/\/haveldervielfalt.de\/wp-content\/uploads\/2024\/06\/CSD-Bernau-2024-5-768x1365.jpeg 768w, https:\/\/haveldervielfalt.de\/wp-content\/uploads\/2024\/06\/CSD-Bernau-2024-5-864x1536.jpeg 864w, https:\/\/haveldervielfalt.de\/wp-content\/uploads\/2024\/06\/CSD-Bernau-2024-5.jpeg 1134w\" sizes=\"auto, (max-width: 576px) 100vw, 576px\" \/><\/figure>\n\n\n\n<figure class=\"wp-block-image size-large\"><img loading=\"lazy\" decoding=\"async\" width=\"576\" height=\"1024\" data-id=\"934\" src=\"https:\/\/valor-sp.de\/wp-content\/uploads\/2024\/06\/CSD-Bernau-2024-7-576x1024.jpeg\" alt=\"\" class=\"wp-image-934\" srcset=\"https:\/\/haveldervielfalt.de\/wp-content\/uploads\/2024\/06\/CSD-Bernau-2024-7-576x1024.jpeg 576w, https:\/\/haveldervielfalt.de\/wp-content\/uploads\/2024\/06\/CSD-Bernau-2024-7-169x300.jpeg 169w, https:\/\/haveldervielfalt.de\/wp-content\/uploads\/2024\/06\/CSD-Bernau-2024-7-768x1365.jpeg 768w, https:\/\/haveldervielfalt.de\/wp-content\/uploads\/2024\/06\/CSD-Bernau-2024-7-864x1536.jpeg 864w, https:\/\/haveldervielfalt.de\/wp-content\/uploads\/2024\/06\/CSD-Bernau-2024-7.jpeg 1134w\" sizes=\"auto, (max-width: 576px) 100vw, 576px\" \/><\/figure>\n\n\n\n<figure class=\"wp-block-image size-large\"><img loading=\"lazy\" decoding=\"async\" width=\"1024\" height=\"576\" data-id=\"935\" src=\"https:\/\/valor-sp.de\/wp-content\/uploads\/2024\/06\/CSD-Bernau-2024-8-1024x576.jpeg\" alt=\"\" class=\"wp-image-935\" srcset=\"https:\/\/haveldervielfalt.de\/wp-content\/uploads\/2024\/06\/CSD-Bernau-2024-8-1024x576.jpeg 1024w, https:\/\/haveldervielfalt.de\/wp-content\/uploads\/2024\/06\/CSD-Bernau-2024-8-300x169.jpeg 300w, https:\/\/haveldervielfalt.de\/wp-content\/uploads\/2024\/06\/CSD-Bernau-2024-8-768x432.jpeg 768w, https:\/\/haveldervielfalt.de\/wp-content\/uploads\/2024\/06\/CSD-Bernau-2024-8-1536x864.jpeg 1536w, https:\/\/haveldervielfalt.de\/wp-content\/uploads\/2024\/06\/CSD-Bernau-2024-8.jpeg 1920w\" sizes=\"auto, (max-width: 1024px) 100vw, 1024px\" \/><\/figure>\n<\/figure>\n","protected":false},"excerpt":{"rendered":"<p>Am 2. CSD in der beschaulichen Stadt Bernau (Bei Berlin) waren rund 500 Teilnehmende zu Besuch.Zum Beginn str\u00f6mender Regen, doch p\u00fcnktlich zum Demobeginn kam doch noch die Sonne raus.Anschlie\u00dfend, gab es von verschiedenen unabh\u00e4ngigen&#46;&#46;&#46;<\/p>\n","protected":false},"author":7,"featured_media":0,"comment_status":"open","ping_status":"closed","sticky":false,"template":"","format":"standard","meta":{"footnotes":""},"categories":[7],"tags":[],"class_list":["post-939","post","type-post","status-publish","format-standard","hentry","category-demo"],"_links":{"self":[{"href":"https:\/\/haveldervielfalt.de\/index.php?rest_route=\/wp\/v2\/posts\/939","targetHints":{"allow":["GET"]}}],"collection":[{"href":"https:\/\/haveldervielfalt.de\/index.php?rest_route=\/wp\/v2\/posts"}],"about":[{"href":"https:\/\/haveldervielfalt.de\/index.php?rest_route=\/wp\/v2\/types\/post"}],"author":[{"embeddable":true,"href":"https:\/\/haveldervielfalt.de\/index.php?rest_route=\/wp\/v2\/users\/7"}],"replies":[{"embeddable":true,"href":"https:\/\/haveldervielfalt.de\/index.php?rest_route=%2Fwp%2Fv2%2Fcomments&post=939"}],"version-history":[{"count":0,"href":"https:\/\/haveldervielfalt.de\/index.php?rest_route=\/wp\/v2\/posts\/939\/revisions"}],"wp:attachment":[{"href":"https:\/\/haveldervielfalt.de\/index.php?rest_route=%2Fwp%2Fv2%2Fmedia&parent=939"}],"wp:term":[{"taxonomy":"category","embeddable":true,"href":"https:\/\/haveldervielfalt.de\/index.php?rest_route=%2Fwp%2Fv2%2Fcategories&post=939"},{"taxonomy":"post_tag","embeddable":true,"href":"https:\/\/haveldervielfalt.de\/index.php?rest_route=%2Fwp%2Fv2%2Ftags&post=939"}],"curies":[{"name":"wp","href":"https:\/\/api.w.org\/{rel}","templated":true}]}}