{"id":885,"date":"2024-06-16T20:33:15","date_gmt":"2024-06-16T20:33:15","guid":{"rendered":"https:\/\/haveldervielfalt.de\/?p=885"},"modified":"2024-06-16T20:33:15","modified_gmt":"2024-06-16T20:33:15","slug":"unsere-teilnahme-am-csd-bad-belzig-am-15-06-2024","status":"publish","type":"post","link":"https:\/\/haveldervielfalt.de\/?p=885","title":{"rendered":"Unsere Teilnahme am CSD Bad Belzig am 15.06.2024"},"content":{"rendered":"\n<p>Der 1. CSD in Bad Belzig war einer von der ruhigeren Sorte: in der beschaulichen Kreisstadt waren rund 200 Teilnehmende zu Besuch und haben die ruhige Atmosph\u00e4re genossen. F\u00fcr gute Stimmung hat der DJ auf dem Fahrrad-Lauti gesorgt. Mit dieser tollen Stimmung kam es deshalb gar nicht so vor, als w\u00e4re der Demozug eine Stunde gegangen. Sonne und Regen haben uns stets begleitet, doch zum Stra\u00dfenfest hat eindeutig die Sonne gewonnen. Hier haben wir den Reden u.a. von Omas gegen Rechts oder der IG Metall-Jugendgruppe gelauscht. St\u00e4nde haben au\u00dferdem der AndersArtig e.V., Queeres Brandenburg, Die Gr\u00fcnen und Aufstehen gegen Rassismus gestellt.<br><br>F\u00fcr queere Personen, die den gro\u00dfen Trubel umgehen wollen, ist der CSD Bad Belzig besonders gut geeignet. Wir freuen uns auf n\u00e4chstes Jahr!<\/p>\n\n\n\n<figure class=\"wp-block-gallery has-nested-images columns-default is-cropped wp-block-gallery-1 is-layout-flex wp-block-gallery-is-layout-flex\">\n<figure class=\"wp-block-image size-large\"><img loading=\"lazy\" decoding=\"async\" width=\"1024\" height=\"1024\" data-id=\"889\" src=\"https:\/\/valor-sp.de\/wp-content\/uploads\/2024\/06\/1-3-1024x1024.png\" alt=\"\" class=\"wp-image-889\" srcset=\"https:\/\/haveldervielfalt.de\/wp-content\/uploads\/2024\/06\/1-3-1024x1024.png 1024w, https:\/\/haveldervielfalt.de\/wp-content\/uploads\/2024\/06\/1-3-300x300.png 300w, https:\/\/haveldervielfalt.de\/wp-content\/uploads\/2024\/06\/1-3-150x150.png 150w, https:\/\/haveldervielfalt.de\/wp-content\/uploads\/2024\/06\/1-3-768x768.png 768w, https:\/\/haveldervielfalt.de\/wp-content\/uploads\/2024\/06\/1-3-80x80.png 80w, https:\/\/haveldervielfalt.de\/wp-content\/uploads\/2024\/06\/1-3-320x320.png 320w, https:\/\/haveldervielfalt.de\/wp-content\/uploads\/2024\/06\/1-3.png 1080w\" sizes=\"auto, (max-width: 1024px) 100vw, 1024px\" \/><\/figure>\n\n\n\n<figure class=\"wp-block-image size-large\"><img loading=\"lazy\" decoding=\"async\" width=\"1024\" height=\"1024\" data-id=\"892\" src=\"https:\/\/valor-sp.de\/wp-content\/uploads\/2024\/06\/2-2-1024x1024.png\" alt=\"\" class=\"wp-image-892\" srcset=\"https:\/\/haveldervielfalt.de\/wp-content\/uploads\/2024\/06\/2-2-1024x1024.png 1024w, https:\/\/haveldervielfalt.de\/wp-content\/uploads\/2024\/06\/2-2-300x300.png 300w, https:\/\/haveldervielfalt.de\/wp-content\/uploads\/2024\/06\/2-2-150x150.png 150w, https:\/\/haveldervielfalt.de\/wp-content\/uploads\/2024\/06\/2-2-768x768.png 768w, https:\/\/haveldervielfalt.de\/wp-content\/uploads\/2024\/06\/2-2-80x80.png 80w, https:\/\/haveldervielfalt.de\/wp-content\/uploads\/2024\/06\/2-2-320x320.png 320w, https:\/\/haveldervielfalt.de\/wp-content\/uploads\/2024\/06\/2-2.png 1080w\" sizes=\"auto, (max-width: 1024px) 100vw, 1024px\" \/><\/figure>\n\n\n\n<figure class=\"wp-block-image size-large\"><img loading=\"lazy\" decoding=\"async\" width=\"1024\" height=\"1024\" data-id=\"894\" src=\"https:\/\/valor-sp.de\/wp-content\/uploads\/2024\/06\/3-1-1024x1024.png\" alt=\"\" class=\"wp-image-894\" srcset=\"https:\/\/haveldervielfalt.de\/wp-content\/uploads\/2024\/06\/3-1-1024x1024.png 1024w, https:\/\/haveldervielfalt.de\/wp-content\/uploads\/2024\/06\/3-1-300x300.png 300w, https:\/\/haveldervielfalt.de\/wp-content\/uploads\/2024\/06\/3-1-150x150.png 150w, https:\/\/haveldervielfalt.de\/wp-content\/uploads\/2024\/06\/3-1-768x768.png 768w, https:\/\/haveldervielfalt.de\/wp-content\/uploads\/2024\/06\/3-1-80x80.png 80w, https:\/\/haveldervielfalt.de\/wp-content\/uploads\/2024\/06\/3-1-320x320.png 320w, https:\/\/haveldervielfalt.de\/wp-content\/uploads\/2024\/06\/3-1.png 1080w\" sizes=\"auto, (max-width: 1024px) 100vw, 1024px\" \/><\/figure>\n\n\n\n<figure class=\"wp-block-image size-large\"><img loading=\"lazy\" decoding=\"async\" width=\"1024\" height=\"1024\" data-id=\"893\" src=\"https:\/\/valor-sp.de\/wp-content\/uploads\/2024\/06\/4-1-1024x1024.png\" alt=\"\" class=\"wp-image-893\" srcset=\"https:\/\/haveldervielfalt.de\/wp-content\/uploads\/2024\/06\/4-1-1024x1024.png 1024w, https:\/\/haveldervielfalt.de\/wp-content\/uploads\/2024\/06\/4-1-300x300.png 300w, https:\/\/haveldervielfalt.de\/wp-content\/uploads\/2024\/06\/4-1-150x150.png 150w, https:\/\/haveldervielfalt.de\/wp-content\/uploads\/2024\/06\/4-1-768x768.png 768w, https:\/\/haveldervielfalt.de\/wp-content\/uploads\/2024\/06\/4-1-80x80.png 80w, https:\/\/haveldervielfalt.de\/wp-content\/uploads\/2024\/06\/4-1-320x320.png 320w, https:\/\/haveldervielfalt.de\/wp-content\/uploads\/2024\/06\/4-1.png 1080w\" sizes=\"auto, (max-width: 1024px) 100vw, 1024px\" \/><\/figure>\n\n\n\n<figure class=\"wp-block-image size-large\"><img loading=\"lazy\" decoding=\"async\" width=\"1024\" height=\"1024\" data-id=\"887\" src=\"https:\/\/valor-sp.de\/wp-content\/uploads\/2024\/06\/5-1-1024x1024.png\" alt=\"\" class=\"wp-image-887\" srcset=\"https:\/\/haveldervielfalt.de\/wp-content\/uploads\/2024\/06\/5-1-1024x1024.png 1024w, https:\/\/haveldervielfalt.de\/wp-content\/uploads\/2024\/06\/5-1-300x300.png 300w, https:\/\/haveldervielfalt.de\/wp-content\/uploads\/2024\/06\/5-1-150x150.png 150w, https:\/\/haveldervielfalt.de\/wp-content\/uploads\/2024\/06\/5-1-768x768.png 768w, https:\/\/haveldervielfalt.de\/wp-content\/uploads\/2024\/06\/5-1-80x80.png 80w, https:\/\/haveldervielfalt.de\/wp-content\/uploads\/2024\/06\/5-1-320x320.png 320w, https:\/\/haveldervielfalt.de\/wp-content\/uploads\/2024\/06\/5-1.png 1080w\" sizes=\"auto, (max-width: 1024px) 100vw, 1024px\" \/><\/figure>\n\n\n\n<figure class=\"wp-block-image size-large\"><img loading=\"lazy\" decoding=\"async\" width=\"1024\" height=\"1024\" data-id=\"891\" src=\"https:\/\/valor-sp.de\/wp-content\/uploads\/2024\/06\/6-1-1024x1024.png\" alt=\"\" class=\"wp-image-891\" srcset=\"https:\/\/haveldervielfalt.de\/wp-content\/uploads\/2024\/06\/6-1-1024x1024.png 1024w, https:\/\/haveldervielfalt.de\/wp-content\/uploads\/2024\/06\/6-1-300x300.png 300w, https:\/\/haveldervielfalt.de\/wp-content\/uploads\/2024\/06\/6-1-150x150.png 150w, https:\/\/haveldervielfalt.de\/wp-content\/uploads\/2024\/06\/6-1-768x768.png 768w, https:\/\/haveldervielfalt.de\/wp-content\/uploads\/2024\/06\/6-1-80x80.png 80w, https:\/\/haveldervielfalt.de\/wp-content\/uploads\/2024\/06\/6-1-320x320.png 320w, https:\/\/haveldervielfalt.de\/wp-content\/uploads\/2024\/06\/6-1.png 1080w\" sizes=\"auto, (max-width: 1024px) 100vw, 1024px\" \/><\/figure>\n\n\n\n<figure class=\"wp-block-image size-large\"><img loading=\"lazy\" decoding=\"async\" width=\"1024\" height=\"1024\" data-id=\"890\" src=\"https:\/\/valor-sp.de\/wp-content\/uploads\/2024\/06\/7-1-1024x1024.png\" alt=\"\" class=\"wp-image-890\" srcset=\"https:\/\/haveldervielfalt.de\/wp-content\/uploads\/2024\/06\/7-1-1024x1024.png 1024w, https:\/\/haveldervielfalt.de\/wp-content\/uploads\/2024\/06\/7-1-300x300.png 300w, https:\/\/haveldervielfalt.de\/wp-content\/uploads\/2024\/06\/7-1-150x150.png 150w, https:\/\/haveldervielfalt.de\/wp-content\/uploads\/2024\/06\/7-1-768x768.png 768w, https:\/\/haveldervielfalt.de\/wp-content\/uploads\/2024\/06\/7-1-80x80.png 80w, https:\/\/haveldervielfalt.de\/wp-content\/uploads\/2024\/06\/7-1-320x320.png 320w, https:\/\/haveldervielfalt.de\/wp-content\/uploads\/2024\/06\/7-1.png 1080w\" sizes=\"auto, (max-width: 1024px) 100vw, 1024px\" \/><\/figure>\n\n\n\n<figure class=\"wp-block-image size-large\"><img loading=\"lazy\" decoding=\"async\" width=\"1024\" height=\"1024\" data-id=\"888\" src=\"https:\/\/valor-sp.de\/wp-content\/uploads\/2024\/06\/8-1-1024x1024.png\" alt=\"\" class=\"wp-image-888\" srcset=\"https:\/\/haveldervielfalt.de\/wp-content\/uploads\/2024\/06\/8-1-1024x1024.png 1024w, https:\/\/haveldervielfalt.de\/wp-content\/uploads\/2024\/06\/8-1-300x300.png 300w, https:\/\/haveldervielfalt.de\/wp-content\/uploads\/2024\/06\/8-1-150x150.png 150w, https:\/\/haveldervielfalt.de\/wp-content\/uploads\/2024\/06\/8-1-768x768.png 768w, https:\/\/haveldervielfalt.de\/wp-content\/uploads\/2024\/06\/8-1-80x80.png 80w, https:\/\/haveldervielfalt.de\/wp-content\/uploads\/2024\/06\/8-1-320x320.png 320w, https:\/\/haveldervielfalt.de\/wp-content\/uploads\/2024\/06\/8-1.png 1080w\" sizes=\"auto, (max-width: 1024px) 100vw, 1024px\" \/><\/figure>\n\n\n\n<figure class=\"wp-block-image size-large\"><img loading=\"lazy\" decoding=\"async\" width=\"1024\" height=\"1024\" data-id=\"886\" src=\"https:\/\/valor-sp.de\/wp-content\/uploads\/2024\/06\/9-1-1024x1024.png\" alt=\"\" class=\"wp-image-886\" srcset=\"https:\/\/haveldervielfalt.de\/wp-content\/uploads\/2024\/06\/9-1-1024x1024.png 1024w, https:\/\/haveldervielfalt.de\/wp-content\/uploads\/2024\/06\/9-1-300x300.png 300w, https:\/\/haveldervielfalt.de\/wp-content\/uploads\/2024\/06\/9-1-150x150.png 150w, https:\/\/haveldervielfalt.de\/wp-content\/uploads\/2024\/06\/9-1-768x768.png 768w, https:\/\/haveldervielfalt.de\/wp-content\/uploads\/2024\/06\/9-1-80x80.png 80w, https:\/\/haveldervielfalt.de\/wp-content\/uploads\/2024\/06\/9-1-320x320.png 320w, https:\/\/haveldervielfalt.de\/wp-content\/uploads\/2024\/06\/9-1.png 1080w\" sizes=\"auto, (max-width: 1024px) 100vw, 1024px\" \/><\/figure>\n<\/figure>\n","protected":false},"excerpt":{"rendered":"<p>Der 1. CSD in Bad Belzig war einer von der ruhigeren Sorte: in der beschaulichen Kreisstadt waren rund 200 Teilnehmende zu Besuch und haben die ruhige Atmosph\u00e4re genossen. F\u00fcr gute Stimmung hat der DJ&#46;&#46;&#46;<\/p>\n","protected":false},"author":7,"featured_media":0,"comment_status":"open","ping_status":"closed","sticky":false,"template":"","format":"standard","meta":{"footnotes":""},"categories":[7],"tags":[],"class_list":["post-885","post","type-post","status-publish","format-standard","hentry","category-demo"],"_links":{"self":[{"href":"https:\/\/haveldervielfalt.de\/index.php?rest_route=\/wp\/v2\/posts\/885","targetHints":{"allow":["GET"]}}],"collection":[{"href":"https:\/\/haveldervielfalt.de\/index.php?rest_route=\/wp\/v2\/posts"}],"about":[{"href":"https:\/\/haveldervielfalt.de\/index.php?rest_route=\/wp\/v2\/types\/post"}],"author":[{"embeddable":true,"href":"https:\/\/haveldervielfalt.de\/index.php?rest_route=\/wp\/v2\/users\/7"}],"replies":[{"embeddable":true,"href":"https:\/\/haveldervielfalt.de\/index.php?rest_route=%2Fwp%2Fv2%2Fcomments&post=885"}],"version-history":[{"count":0,"href":"https:\/\/haveldervielfalt.de\/index.php?rest_route=\/wp\/v2\/posts\/885\/revisions"}],"wp:attachment":[{"href":"https:\/\/haveldervielfalt.de\/index.php?rest_route=%2Fwp%2Fv2%2Fmedia&parent=885"}],"wp:term":[{"taxonomy":"category","embeddable":true,"href":"https:\/\/haveldervielfalt.de\/index.php?rest_route=%2Fwp%2Fv2%2Fcategories&post=885"},{"taxonomy":"post_tag","embeddable":true,"href":"https:\/\/haveldervielfalt.de\/index.php?rest_route=%2Fwp%2Fv2%2Ftags&post=885"}],"curies":[{"name":"wp","href":"https:\/\/api.w.org\/{rel}","templated":true}]}}