{"id":415,"date":"2023-08-11T18:24:54","date_gmt":"2023-08-11T18:24:54","guid":{"rendered":"https:\/\/haveldervielfalt.de\/?p=415"},"modified":"2023-08-11T18:24:54","modified_gmt":"2023-08-11T18:24:54","slug":"solidaritaet-fuer-den-csd-brandenburg","status":"publish","type":"post","link":"https:\/\/haveldervielfalt.de\/?p=415","title":{"rendered":"Solidarit\u00e4t f\u00fcr den CSD Brandenburg"},"content":{"rendered":"\n<figure class=\"wp-block-image size-large\"><img loading=\"lazy\" decoding=\"async\" width=\"1024\" height=\"576\" src=\"https:\/\/valor-sp.de\/wp-content\/uploads\/2023\/08\/Soli-CSD-Brandenburg-1024x576.png\" alt=\"\" class=\"wp-image-416\" srcset=\"https:\/\/haveldervielfalt.de\/wp-content\/uploads\/2023\/08\/Soli-CSD-Brandenburg-1024x576.png 1024w, https:\/\/haveldervielfalt.de\/wp-content\/uploads\/2023\/08\/Soli-CSD-Brandenburg-300x169.png 300w, https:\/\/haveldervielfalt.de\/wp-content\/uploads\/2023\/08\/Soli-CSD-Brandenburg-768x432.png 768w, https:\/\/haveldervielfalt.de\/wp-content\/uploads\/2023\/08\/Soli-CSD-Brandenburg-1536x864.png 1536w, https:\/\/haveldervielfalt.de\/wp-content\/uploads\/2023\/08\/Soli-CSD-Brandenburg.png 1600w\" sizes=\"auto, (max-width: 1024px) 100vw, 1024px\" \/><\/figure>\n\n\n\n<p>Der CSD Brandenburg an der Havel hat Androhungen von rechten Gruppierungen bekommen. Dar\u00fcber sind wir w\u00fctend und traurig, aber nicht \u00fcberrascht, nachdem wir im letzten Jahr \u00c4hnliches erlebt haben und dieses Jahr auch andere CSDs Anfeindungen erlebt haben. Deswegen bitten wir hier um eure Solidarit\u00e4t! Wir sind darauf angewiesen, dass viele Menschen zur Demo kommen, damit wir best\u00e4rkt unseren Pride begehen und uns dabei sicher f\u00fchlen k\u00f6nnen! Ihr k\u00f6nnt uns und allen Teilnehmenden also vor allem helfen, indem ihr am 02. September mit uns in Brandenburg auf die Stra\u00dfe geht und all eure Friends einladet, mitzukommen!<\/p>\n\n\n\n<p>Es wird wieder einmal deutlich, wieso wir diese Veranstaltungen brauchen, denn genau solche Anfeindungen sollen dazu f\u00fchren, dass Menschen, die zur LGBTQIA+ Gemeinschaft geh\u00f6ren, sich nicht sicher f\u00fchlen. Aber davon lassen wir uns nicht unterkriegen und werden erst Recht laut und bunt auf die Stra\u00dfe gehen und allen zeigen, dass es uns gibt und dass das auch gut so ist!!! \ud83c\udf08\u2728\u270a\ud83c\udffc<\/p>\n\n\n\n<p>*We&#8217;re here, we&#8217;re queer, we&#8217;re feminist &#8211; don&#8217;t mess with us!*<\/p>\n\n\n\n<p>Wenn ihr in Kollektiven oder Gruppen aktiv seid, die zur Unterst\u00fctzung unserer Demo kommen wollen, meldet euch gerne per Direktnachricht (<a href=\"https:\/\/www.instagram.com\/havel_der_vielfalt\/\">@havel_der_vielfalt<\/a> und <a href=\"https:\/\/www.instagram.com\/_brannebande\/\">@_brannebande<\/a>) bei uns.<\/p>\n","protected":false},"excerpt":{"rendered":"<p>Der CSD Brandenburg an der Havel hat Androhungen von rechten Gruppierungen bekommen. Dar\u00fcber sind wir w\u00fctend und traurig, aber nicht \u00fcberrascht, nachdem wir im letzten Jahr \u00c4hnliches erlebt haben und dieses Jahr auch andere&#46;&#46;&#46;<\/p>\n","protected":false},"author":7,"featured_media":416,"comment_status":"open","ping_status":"closed","sticky":false,"template":"","format":"standard","meta":{"footnotes":""},"categories":[7],"tags":[],"class_list":["post-415","post","type-post","status-publish","format-standard","has-post-thumbnail","hentry","category-demo"],"_links":{"self":[{"href":"https:\/\/haveldervielfalt.de\/index.php?rest_route=\/wp\/v2\/posts\/415","targetHints":{"allow":["GET"]}}],"collection":[{"href":"https:\/\/haveldervielfalt.de\/index.php?rest_route=\/wp\/v2\/posts"}],"about":[{"href":"https:\/\/haveldervielfalt.de\/index.php?rest_route=\/wp\/v2\/types\/post"}],"author":[{"embeddable":true,"href":"https:\/\/haveldervielfalt.de\/index.php?rest_route=\/wp\/v2\/users\/7"}],"replies":[{"embeddable":true,"href":"https:\/\/haveldervielfalt.de\/index.php?rest_route=%2Fwp%2Fv2%2Fcomments&post=415"}],"version-history":[{"count":0,"href":"https:\/\/haveldervielfalt.de\/index.php?rest_route=\/wp\/v2\/posts\/415\/revisions"}],"wp:featuredmedia":[{"embeddable":true,"href":"https:\/\/haveldervielfalt.de\/index.php?rest_route=\/wp\/v2\/media\/416"}],"wp:attachment":[{"href":"https:\/\/haveldervielfalt.de\/index.php?rest_route=%2Fwp%2Fv2%2Fmedia&parent=415"}],"wp:term":[{"taxonomy":"category","embeddable":true,"href":"https:\/\/haveldervielfalt.de\/index.php?rest_route=%2Fwp%2Fv2%2Fcategories&post=415"},{"taxonomy":"post_tag","embeddable":true,"href":"https:\/\/haveldervielfalt.de\/index.php?rest_route=%2Fwp%2Fv2%2Ftags&post=415"}],"curies":[{"name":"wp","href":"https:\/\/api.w.org\/{rel}","templated":true}]}}