{"id":1096,"date":"2024-07-10T17:09:07","date_gmt":"2024-07-10T17:09:07","guid":{"rendered":"https:\/\/haveldervielfalt.de\/?p=1096"},"modified":"2025-04-28T13:54:05","modified_gmt":"2025-04-28T12:54:05","slug":"unsere-teilnahme-am-csd-brandenburg-an-der-havel","status":"publish","type":"post","link":"https:\/\/haveldervielfalt.de\/?p=1096","title":{"rendered":"Unsere Teilnahme am CSD Brandenburg an der Havel"},"content":{"rendered":"\n<p>Liebe Queers and Friends,<\/p>\n\n\n\n<p>vielen Dank f\u00fcr diesen unglaublichen CSD Brandenburg an der Havel! Ca. 320 Personen haben mit uns gemeinsam f\u00fcr ein vielf\u00e4ltiges Brandenburg demonstriert. Trotz technischer Probleme, aber bei bestem Wetter, sind wir gut gestartet und haben die Stadt bunt gemacht. Leider mussten wir die Kundgebung auf den Altst\u00e4dtischen Markt verschieben, doch das hat unsere Laune nicht geschm\u00e4lert. Auch haben wir gezeigt, dass eine gute Demo dem Regen standh\u00e4lt \ud83d\udcaa.<\/p>\n\n\n\n<p>Tausend Dank, dass Ihr alle dabei wart!! \u2764\ufe0f\ud83c\udf08 Und ein riesiges Dankesch\u00f6n auch noch einmal an alle Redner*innen, die Moderation, die Live Acts, das Awareness-Team und alle, die mitgeholfen haben, den CSD Brandenburg in der Form zu erm\u00f6glichen!<\/p>\n\n\n\n<p>Wir freuen uns auf den n\u00e4chsten CSD mit euch und w\u00fcnschen euch weiterhin eine tolle Pride-Saison!<\/p>\n\n\n\n<div class=\"wp-block-columns is-layout-flex wp-container-core-columns-is-layout-9d6595d7 wp-block-columns-is-layout-flex\">\n<div class=\"wp-block-column is-layout-flow wp-block-column-is-layout-flow\" style=\"flex-basis:100%\">\n<figure class=\"wp-block-gallery has-nested-images columns-default is-cropped wp-block-gallery-1 is-layout-flex wp-block-gallery-is-layout-flex\">\n<figure class=\"wp-block-image size-large\"><img loading=\"lazy\" decoding=\"async\" width=\"2144\" height=\"1608\" data-id=\"1095\" src=\"https:\/\/valor-sp.de\/wp-content\/uploads\/2024\/07\/8-1024x768.jpg\" alt=\"\" class=\"wp-image-1095\" srcset=\"https:\/\/haveldervielfalt.de\/wp-content\/uploads\/2024\/07\/8-1024x768.jpg 1024w, https:\/\/haveldervielfalt.de\/wp-content\/uploads\/2024\/07\/8-300x225.jpg 300w, https:\/\/haveldervielfalt.de\/wp-content\/uploads\/2024\/07\/8-768x576.jpg 768w, https:\/\/haveldervielfalt.de\/wp-content\/uploads\/2024\/07\/8-1536x1152.jpg 1536w, https:\/\/haveldervielfalt.de\/wp-content\/uploads\/2024\/07\/8-2048x1536.jpg 2048w\" sizes=\"auto, (max-width: 2144px) 100vw, 2144px\" \/><\/figure>\n\n\n\n<figure class=\"wp-block-image size-large\"><img loading=\"lazy\" decoding=\"async\" width=\"1024\" height=\"768\" data-id=\"1094\" src=\"https:\/\/valor-sp.de\/wp-content\/uploads\/2024\/07\/7-1024x768.jpg\" alt=\"\" class=\"wp-image-1094\" srcset=\"https:\/\/haveldervielfalt.de\/wp-content\/uploads\/2024\/07\/7-1024x768.jpg 1024w, https:\/\/haveldervielfalt.de\/wp-content\/uploads\/2024\/07\/7-300x225.jpg 300w, https:\/\/haveldervielfalt.de\/wp-content\/uploads\/2024\/07\/7-768x576.jpg 768w, https:\/\/haveldervielfalt.de\/wp-content\/uploads\/2024\/07\/7-1536x1152.jpg 1536w, https:\/\/haveldervielfalt.de\/wp-content\/uploads\/2024\/07\/7-2048x1536.jpg 2048w\" sizes=\"auto, (max-width: 1024px) 100vw, 1024px\" \/><\/figure>\n\n\n\n<figure class=\"wp-block-image size-large\"><img loading=\"lazy\" decoding=\"async\" width=\"1024\" height=\"768\" data-id=\"1093\" src=\"https:\/\/valor-sp.de\/wp-content\/uploads\/2024\/07\/6-1024x768.jpg\" alt=\"\" class=\"wp-image-1093\" srcset=\"https:\/\/haveldervielfalt.de\/wp-content\/uploads\/2024\/07\/6-1024x768.jpg 1024w, https:\/\/haveldervielfalt.de\/wp-content\/uploads\/2024\/07\/6-300x225.jpg 300w, https:\/\/haveldervielfalt.de\/wp-content\/uploads\/2024\/07\/6-768x576.jpg 768w, https:\/\/haveldervielfalt.de\/wp-content\/uploads\/2024\/07\/6-1536x1152.jpg 1536w, https:\/\/haveldervielfalt.de\/wp-content\/uploads\/2024\/07\/6-2048x1536.jpg 2048w\" sizes=\"auto, (max-width: 1024px) 100vw, 1024px\" \/><\/figure>\n\n\n\n<figure class=\"wp-block-image size-large\"><img loading=\"lazy\" decoding=\"async\" width=\"1024\" height=\"768\" data-id=\"1092\" src=\"https:\/\/valor-sp.de\/wp-content\/uploads\/2024\/07\/5-1024x768.jpg\" alt=\"\" class=\"wp-image-1092\" srcset=\"https:\/\/haveldervielfalt.de\/wp-content\/uploads\/2024\/07\/5-1024x768.jpg 1024w, https:\/\/haveldervielfalt.de\/wp-content\/uploads\/2024\/07\/5-300x225.jpg 300w, https:\/\/haveldervielfalt.de\/wp-content\/uploads\/2024\/07\/5-768x576.jpg 768w, https:\/\/haveldervielfalt.de\/wp-content\/uploads\/2024\/07\/5-1536x1152.jpg 1536w, https:\/\/haveldervielfalt.de\/wp-content\/uploads\/2024\/07\/5-2048x1536.jpg 2048w\" sizes=\"auto, (max-width: 1024px) 100vw, 1024px\" \/><\/figure>\n\n\n\n<figure class=\"wp-block-image size-large\"><img loading=\"lazy\" decoding=\"async\" width=\"1024\" height=\"768\" data-id=\"1091\" src=\"https:\/\/valor-sp.de\/wp-content\/uploads\/2024\/07\/4-1024x768.jpg\" alt=\"\" class=\"wp-image-1091\" srcset=\"https:\/\/haveldervielfalt.de\/wp-content\/uploads\/2024\/07\/4-1024x768.jpg 1024w, https:\/\/haveldervielfalt.de\/wp-content\/uploads\/2024\/07\/4-300x225.jpg 300w, https:\/\/haveldervielfalt.de\/wp-content\/uploads\/2024\/07\/4-768x576.jpg 768w, https:\/\/haveldervielfalt.de\/wp-content\/uploads\/2024\/07\/4-1536x1152.jpg 1536w, https:\/\/haveldervielfalt.de\/wp-content\/uploads\/2024\/07\/4-2048x1536.jpg 2048w\" sizes=\"auto, (max-width: 1024px) 100vw, 1024px\" \/><\/figure>\n\n\n\n<figure class=\"wp-block-image size-large\"><img loading=\"lazy\" decoding=\"async\" width=\"1024\" height=\"576\" data-id=\"1090\" src=\"https:\/\/valor-sp.de\/wp-content\/uploads\/2024\/07\/3-1-1024x576.jpg\" alt=\"\" class=\"wp-image-1090\" srcset=\"https:\/\/haveldervielfalt.de\/wp-content\/uploads\/2024\/07\/3-1-1024x576.jpg 1024w, https:\/\/haveldervielfalt.de\/wp-content\/uploads\/2024\/07\/3-1-300x169.jpg 300w, https:\/\/haveldervielfalt.de\/wp-content\/uploads\/2024\/07\/3-1-768x432.jpg 768w, https:\/\/haveldervielfalt.de\/wp-content\/uploads\/2024\/07\/3-1-1536x864.jpg 1536w, https:\/\/haveldervielfalt.de\/wp-content\/uploads\/2024\/07\/3-1.jpg 2016w\" sizes=\"auto, (max-width: 1024px) 100vw, 1024px\" \/><\/figure>\n\n\n\n<figure class=\"wp-block-image size-large\"><img loading=\"lazy\" decoding=\"async\" width=\"1024\" height=\"768\" data-id=\"1089\" src=\"https:\/\/valor-sp.de\/wp-content\/uploads\/2024\/07\/2-1024x768.jpg\" alt=\"\" class=\"wp-image-1089\" srcset=\"https:\/\/haveldervielfalt.de\/wp-content\/uploads\/2024\/07\/2-1024x768.jpg 1024w, https:\/\/haveldervielfalt.de\/wp-content\/uploads\/2024\/07\/2-300x225.jpg 300w, https:\/\/haveldervielfalt.de\/wp-content\/uploads\/2024\/07\/2-768x576.jpg 768w, https:\/\/haveldervielfalt.de\/wp-content\/uploads\/2024\/07\/2-1536x1152.jpg 1536w, https:\/\/haveldervielfalt.de\/wp-content\/uploads\/2024\/07\/2-2048x1536.jpg 2048w\" sizes=\"auto, (max-width: 1024px) 100vw, 1024px\" \/><\/figure>\n\n\n\n<figure class=\"wp-block-image size-large\"><img loading=\"lazy\" decoding=\"async\" width=\"1024\" height=\"768\" data-id=\"1088\" src=\"https:\/\/valor-sp.de\/wp-content\/uploads\/2024\/07\/1-1024x768.jpg\" alt=\"\" class=\"wp-image-1088\" srcset=\"https:\/\/haveldervielfalt.de\/wp-content\/uploads\/2024\/07\/1-1024x768.jpg 1024w, https:\/\/haveldervielfalt.de\/wp-content\/uploads\/2024\/07\/1-300x225.jpg 300w, https:\/\/haveldervielfalt.de\/wp-content\/uploads\/2024\/07\/1-768x576.jpg 768w, https:\/\/haveldervielfalt.de\/wp-content\/uploads\/2024\/07\/1-1536x1152.jpg 1536w, https:\/\/haveldervielfalt.de\/wp-content\/uploads\/2024\/07\/1-2048x1536.jpg 2048w\" sizes=\"auto, (max-width: 1024px) 100vw, 1024px\" \/><\/figure>\n\n\n\n<figure class=\"wp-block-image size-large\"><img decoding=\"async\" data-id=\"1087\" src=\"https:\/\/valor-sp.de\/wp-content\/uploads\/2024\/07\/3-1024x576.jpg\" alt=\"\" class=\"wp-image-1087\"\/><\/figure>\n<\/figure>\n<\/div>\n<\/div>\n","protected":false},"excerpt":{"rendered":"<p>Liebe Queers and Friends, vielen Dank f\u00fcr diesen unglaublichen CSD Brandenburg an der Havel! Ca. 320 Personen haben mit uns gemeinsam f\u00fcr ein vielf\u00e4ltiges Brandenburg demonstriert. Trotz technischer Probleme, aber bei bestem Wetter, sind&#46;&#46;&#46;<\/p>\n","protected":false},"author":7,"featured_media":0,"comment_status":"closed","ping_status":"closed","sticky":false,"template":"","format":"standard","meta":{"footnotes":""},"categories":[7],"tags":[],"class_list":["post-1096","post","type-post","status-publish","format-standard","hentry","category-demo"],"_links":{"self":[{"href":"https:\/\/haveldervielfalt.de\/index.php?rest_route=\/wp\/v2\/posts\/1096","targetHints":{"allow":["GET"]}}],"collection":[{"href":"https:\/\/haveldervielfalt.de\/index.php?rest_route=\/wp\/v2\/posts"}],"about":[{"href":"https:\/\/haveldervielfalt.de\/index.php?rest_route=\/wp\/v2\/types\/post"}],"author":[{"embeddable":true,"href":"https:\/\/haveldervielfalt.de\/index.php?rest_route=\/wp\/v2\/users\/7"}],"replies":[{"embeddable":true,"href":"https:\/\/haveldervielfalt.de\/index.php?rest_route=%2Fwp%2Fv2%2Fcomments&post=1096"}],"version-history":[{"count":1,"href":"https:\/\/haveldervielfalt.de\/index.php?rest_route=\/wp\/v2\/posts\/1096\/revisions"}],"predecessor-version":[{"id":1279,"href":"https:\/\/haveldervielfalt.de\/index.php?rest_route=\/wp\/v2\/posts\/1096\/revisions\/1279"}],"wp:attachment":[{"href":"https:\/\/haveldervielfalt.de\/index.php?rest_route=%2Fwp%2Fv2%2Fmedia&parent=1096"}],"wp:term":[{"taxonomy":"category","embeddable":true,"href":"https:\/\/haveldervielfalt.de\/index.php?rest_route=%2Fwp%2Fv2%2Fcategories&post=1096"},{"taxonomy":"post_tag","embeddable":true,"href":"https:\/\/haveldervielfalt.de\/index.php?rest_route=%2Fwp%2Fv2%2Ftags&post=1096"}],"curies":[{"name":"wp","href":"https:\/\/api.w.org\/{rel}","templated":true}]}}