{"id":1027,"date":"2024-07-05T20:39:07","date_gmt":"2024-07-05T20:39:07","guid":{"rendered":"https:\/\/haveldervielfalt.de\/?p=1027"},"modified":"2024-07-05T20:39:07","modified_gmt":"2024-07-05T20:39:07","slug":"unsere-teilnahme-am-pride-walk-neuruppin-am-15-06-2024","status":"publish","type":"post","link":"https:\/\/haveldervielfalt.de\/?p=1027","title":{"rendered":"Unsere Teilnahme am Pride Walk Neuruppin am 29.06.2024"},"content":{"rendered":"\n<p>Am 29.06. fand die erste von zwei CSD-Demos statt: der Pride Walk in Neuruppin. <br>Aufgrund eines \u00fcberf\u00fcllten Zuges sind wir sp\u00e4ter angekommen als erwartet. <br>Nach einem Lauf durch die Stadt mangels \u00f6ffentlicher Verkehrsmittel konnten wir uns in den Demozug einreihen, der uns entgegenkam. <br>Die Unannehmlichkeiten zum Anfang konnten durch eine durchweg positive Stimmung unter den Demonstrierenden wettgemacht werden, welche durch die Trommelgruppe im CSD-Truck verst\u00e4rkt wurden. <br>Nach anderthalb Stunden durch die sonnige Stadt laufen, sind wir am Schulplatz angekommen, auf dem eine kleine Feier stattfand. <br>Mit von der Partie waren Neuruppin steht auf, der AndersArtig e.V. , das Regenbogenkombinat Potsdam, sowie die MHB Fontane. <br>Der Pride Walk bildete einen grandiosen Abschluss der beiden Pride Weeks. <br>Wir freuen uns auf das n\u00e4chste Mal!<\/p>\n\n\n\n<figure class=\"wp-block-gallery has-nested-images columns-default is-cropped wp-block-gallery-1 is-layout-flex wp-block-gallery-is-layout-flex\">\n<figure class=\"wp-block-image size-large\"><img decoding=\"async\" data-id=\"1028\" src=\"https:\/\/haveldervielfalt.de\/wp-content\/uploads\/2024\/07\/Pride-Neuruppin-1-1024x461.jpg\" alt=\"\" class=\"wp-image-1028\"\/><\/figure>\n\n\n\n<figure class=\"wp-block-image size-full\"><img loading=\"lazy\" decoding=\"async\" width=\"2560\" height=\"1152\" data-id=\"1029\" src=\"https:\/\/valor-sp.de\/wp-content\/uploads\/2024\/07\/Pride-Neuruppin-2-scaled-1.jpg\" alt=\"\" class=\"wp-image-1029\" srcset=\"https:\/\/haveldervielfalt.de\/wp-content\/uploads\/2024\/07\/Pride-Neuruppin-2-scaled-1.jpg 2560w, https:\/\/haveldervielfalt.de\/wp-content\/uploads\/2024\/07\/Pride-Neuruppin-2-scaled-1-300x135.jpg 300w, https:\/\/haveldervielfalt.de\/wp-content\/uploads\/2024\/07\/Pride-Neuruppin-2-scaled-1-1024x461.jpg 1024w, https:\/\/haveldervielfalt.de\/wp-content\/uploads\/2024\/07\/Pride-Neuruppin-2-scaled-1-768x346.jpg 768w, https:\/\/haveldervielfalt.de\/wp-content\/uploads\/2024\/07\/Pride-Neuruppin-2-scaled-1-1536x691.jpg 1536w, https:\/\/haveldervielfalt.de\/wp-content\/uploads\/2024\/07\/Pride-Neuruppin-2-scaled-1-2048x922.jpg 2048w\" sizes=\"auto, (max-width: 2560px) 100vw, 2560px\" \/><\/figure>\n\n\n\n<figure class=\"wp-block-image size-full\"><img loading=\"lazy\" decoding=\"async\" width=\"2560\" height=\"1152\" data-id=\"1030\" src=\"https:\/\/valor-sp.de\/wp-content\/uploads\/2024\/07\/Pride-Neuruppin-3-scaled-1.jpg\" alt=\"\" class=\"wp-image-1030\" srcset=\"https:\/\/haveldervielfalt.de\/wp-content\/uploads\/2024\/07\/Pride-Neuruppin-3-scaled-1.jpg 2560w, https:\/\/haveldervielfalt.de\/wp-content\/uploads\/2024\/07\/Pride-Neuruppin-3-scaled-1-300x135.jpg 300w, https:\/\/haveldervielfalt.de\/wp-content\/uploads\/2024\/07\/Pride-Neuruppin-3-scaled-1-1024x461.jpg 1024w, https:\/\/haveldervielfalt.de\/wp-content\/uploads\/2024\/07\/Pride-Neuruppin-3-scaled-1-768x346.jpg 768w, https:\/\/haveldervielfalt.de\/wp-content\/uploads\/2024\/07\/Pride-Neuruppin-3-scaled-1-1536x691.jpg 1536w, https:\/\/haveldervielfalt.de\/wp-content\/uploads\/2024\/07\/Pride-Neuruppin-3-scaled-1-2048x922.jpg 2048w\" sizes=\"auto, (max-width: 2560px) 100vw, 2560px\" \/><\/figure>\n\n\n\n<figure class=\"wp-block-image size-full\"><img loading=\"lazy\" decoding=\"async\" width=\"2560\" height=\"1152\" data-id=\"1031\" src=\"https:\/\/valor-sp.de\/wp-content\/uploads\/2024\/07\/Pride-Neuruppin-4-scaled-1.jpg\" alt=\"\" class=\"wp-image-1031\" srcset=\"https:\/\/haveldervielfalt.de\/wp-content\/uploads\/2024\/07\/Pride-Neuruppin-4-scaled-1.jpg 2560w, https:\/\/haveldervielfalt.de\/wp-content\/uploads\/2024\/07\/Pride-Neuruppin-4-scaled-1-300x135.jpg 300w, https:\/\/haveldervielfalt.de\/wp-content\/uploads\/2024\/07\/Pride-Neuruppin-4-scaled-1-1024x461.jpg 1024w, https:\/\/haveldervielfalt.de\/wp-content\/uploads\/2024\/07\/Pride-Neuruppin-4-scaled-1-768x346.jpg 768w, https:\/\/haveldervielfalt.de\/wp-content\/uploads\/2024\/07\/Pride-Neuruppin-4-scaled-1-1536x691.jpg 1536w, https:\/\/haveldervielfalt.de\/wp-content\/uploads\/2024\/07\/Pride-Neuruppin-4-scaled-1-2048x922.jpg 2048w\" sizes=\"auto, (max-width: 2560px) 100vw, 2560px\" \/><\/figure>\n<\/figure>\n","protected":false},"excerpt":{"rendered":"<p>Am 29.06. fand die erste von zwei CSD-Demos statt: der Pride Walk in Neuruppin. Aufgrund eines \u00fcberf\u00fcllten Zuges sind wir sp\u00e4ter angekommen als erwartet. Nach einem Lauf durch die Stadt mangels \u00f6ffentlicher Verkehrsmittel konnten&#46;&#46;&#46;<\/p>\n","protected":false},"author":7,"featured_media":0,"comment_status":"open","ping_status":"closed","sticky":false,"template":"","format":"standard","meta":{"footnotes":""},"categories":[7],"tags":[],"class_list":["post-1027","post","type-post","status-publish","format-standard","hentry","category-demo"],"_links":{"self":[{"href":"https:\/\/haveldervielfalt.de\/index.php?rest_route=\/wp\/v2\/posts\/1027","targetHints":{"allow":["GET"]}}],"collection":[{"href":"https:\/\/haveldervielfalt.de\/index.php?rest_route=\/wp\/v2\/posts"}],"about":[{"href":"https:\/\/haveldervielfalt.de\/index.php?rest_route=\/wp\/v2\/types\/post"}],"author":[{"embeddable":true,"href":"https:\/\/haveldervielfalt.de\/index.php?rest_route=\/wp\/v2\/users\/7"}],"replies":[{"embeddable":true,"href":"https:\/\/haveldervielfalt.de\/index.php?rest_route=%2Fwp%2Fv2%2Fcomments&post=1027"}],"version-history":[{"count":0,"href":"https:\/\/haveldervielfalt.de\/index.php?rest_route=\/wp\/v2\/posts\/1027\/revisions"}],"wp:attachment":[{"href":"https:\/\/haveldervielfalt.de\/index.php?rest_route=%2Fwp%2Fv2%2Fmedia&parent=1027"}],"wp:term":[{"taxonomy":"category","embeddable":true,"href":"https:\/\/haveldervielfalt.de\/index.php?rest_route=%2Fwp%2Fv2%2Fcategories&post=1027"},{"taxonomy":"post_tag","embeddable":true,"href":"https:\/\/haveldervielfalt.de\/index.php?rest_route=%2Fwp%2Fv2%2Ftags&post=1027"}],"curies":[{"name":"wp","href":"https:\/\/api.w.org\/{rel}","templated":true}]}}